{"id":6545,"date":"2020-01-08T11:29:22","date_gmt":"2020-01-08T11:29:22","guid":{"rendered":"https:\/\/360amsterdamtours.com\/marche-aux-fleurs\/"},"modified":"2021-03-21T14:39:17","modified_gmt":"2021-03-21T14:39:17","slug":"marche-aux-fleurs","status":"publish","type":"post","link":"https:\/\/360amsterdamtours.com\/fr\/marche-aux-fleurs\/","title":{"rendered":"March\u00e9 aux fleurs"},"content":{"rendered":"<p>[et_pb_section fb_built=\u00a0\u00bb1&Prime; disabled_on=\u00a0\u00bbon|off|off\u00a0\u00bb _builder_version=\u00a0\u00bb3.29.3&Prime; background_image=\u00a0\u00bbhttps:\/\/360amsterdamtours.com\/wp-content\/uploads\/2019\/10\/Flower-Market.jpg\u00a0\u00bb collapsed=\u00a0\u00bboff\u00a0\u00bb][et_pb_row _builder_version=\u00a0\u00bb3.25&Prime; custom_padding=\u00a0\u00bb150px||150px||true|\u00a0\u00bb][et_pb_column type=\u00a0\u00bb4_4&Prime; _builder_version=\u00a0\u00bb3.25&Prime; custom_padding=\u00a0\u00bb|||\u00a0\u00bb custom_padding__hover=\u00a0\u00bb|||\u00a0\u00bb][et_pb_text _builder_version=\u00a0\u00bb3.29.3&Prime; text_text_color=\u00a0\u00bb#ffffff\u00a0\u00bb text_font_size=\u00a0\u00bb40px\u00a0\u00bb header_text_align=\u00a0\u00bbcenter\u00a0\u00bb header_text_color=\u00a0\u00bb#ffffff\u00a0\u00bb text_orientation=\u00a0\u00bbcenter\u00a0\u00bb z_index_tablet=\u00a0\u00bb500&Prime; text_text_shadow_horizontal_length_tablet=\u00a0\u00bb0px\u00a0\u00bb text_text_shadow_vertical_length_tablet=\u00a0\u00bb0px\u00a0\u00bb text_text_shadow_blur_strength_tablet=\u00a0\u00bb1px\u00a0\u00bb link_text_shadow_horizontal_length_tablet=\u00a0\u00bb0px\u00a0\u00bb link_text_shadow_vertical_length_tablet=\u00a0\u00bb0px\u00a0\u00bb link_text_shadow_blur_strength_tablet=\u00a0\u00bb1px\u00a0\u00bb ul_text_shadow_horizontal_length_tablet=\u00a0\u00bb0px\u00a0\u00bb ul_text_shadow_vertical_length_tablet=\u00a0\u00bb0px\u00a0\u00bb ul_text_shadow_blur_strength_tablet=\u00a0\u00bb1px\u00a0\u00bb ol_text_shadow_horizontal_length_tablet=\u00a0\u00bb0px\u00a0\u00bb ol_text_shadow_vertical_length_tablet=\u00a0\u00bb0px\u00a0\u00bb ol_text_shadow_blur_strength_tablet=\u00a0\u00bb1px\u00a0\u00bb quote_text_shadow_horizontal_length_tablet=\u00a0\u00bb0px\u00a0\u00bb quote_text_shadow_vertical_length_tablet=\u00a0\u00bb0px\u00a0\u00bb quote_text_shadow_blur_strength_tablet=\u00a0\u00bb1px\u00a0\u00bb header_text_shadow_horizontal_length_tablet=\u00a0\u00bb0px\u00a0\u00bb header_text_shadow_vertical_length_tablet=\u00a0\u00bb0px\u00a0\u00bb header_text_shadow_blur_strength_tablet=\u00a0\u00bb1px\u00a0\u00bb header_2_text_shadow_horizontal_length_tablet=\u00a0\u00bb0px\u00a0\u00bb header_2_text_shadow_vertical_length_tablet=\u00a0\u00bb0px\u00a0\u00bb header_2_text_shadow_blur_strength_tablet=\u00a0\u00bb1px\u00a0\u00bb header_3_text_shadow_horizontal_length_tablet=\u00a0\u00bb0px\u00a0\u00bb header_3_text_shadow_vertical_length_tablet=\u00a0\u00bb0px\u00a0\u00bb header_3_text_shadow_blur_strength_tablet=\u00a0\u00bb1px\u00a0\u00bb header_4_text_shadow_horizontal_length_tablet=\u00a0\u00bb0px\u00a0\u00bb header_4_text_shadow_vertical_length_tablet=\u00a0\u00bb0px\u00a0\u00bb header_4_text_shadow_blur_strength_tablet=\u00a0\u00bb1px\u00a0\u00bb header_5_text_shadow_horizontal_length_tablet=\u00a0\u00bb0px\u00a0\u00bb header_5_text_shadow_vertical_length_tablet=\u00a0\u00bb0px\u00a0\u00bb header_5_text_shadow_blur_strength_tablet=\u00a0\u00bb1px\u00a0\u00bb header_6_text_shadow_horizontal_length_tablet=\u00a0\u00bb0px\u00a0\u00bb header_6_text_shadow_vertical_length_tablet=\u00a0\u00bb0px\u00a0\u00bb header_6_text_shadow_blur_strength_tablet=\u00a0\u00bb1px\u00a0\u00bb box_shadow_horizontal_tablet=\u00a0\u00bb0px\u00a0\u00bb box_shadow_vertical_tablet=\u00a0\u00bb0px\u00a0\u00bb box_shadow_blur_tablet=\u00a0\u00bb40px\u00a0\u00bb box_shadow_spread_tablet=\u00a0\u00bb0px\u00a0\u00bb text_text_align=\u00a0\u00bbcenter\u00a0\u00bb]<\/p>\n<h1>Le march\u00e9 aux fleurs<\/h1>\n<h1><\/h1>\n<p>[\/et_pb_text][\/et_pb_column][\/et_pb_row][\/et_pb_section][et_pb_section fb_built=\u00a0\u00bb1&Prime; disabled_on=\u00a0\u00bboff|on|on\u00a0\u00bb _builder_version=\u00a0\u00bb3.29.3&Prime; background_image=\u00a0\u00bbhttps:\/\/360amsterdamtours.com\/wp-content\/uploads\/2019\/10\/Flower-Market-mobile-1.jpg\u00a0\u00bb][et_pb_row _builder_version=\u00a0\u00bb3.25&Prime; custom_padding=\u00a0\u00bb150px||150px||true|\u00a0\u00bb][et_pb_column type=\u00a0\u00bb4_4&Prime; _builder_version=\u00a0\u00bb3.25&Prime; custom_padding=\u00a0\u00bb|||\u00a0\u00bb custom_padding__hover=\u00a0\u00bb|||\u00a0\u00bb][et_pb_text _builder_version=\u00a0\u00bb3.29.3&Prime; text_font=\u00a0\u00bb||||||||\u00a0\u00bb text_text_color=\u00a0\u00bb#FFFFFF\u00a0\u00bb header_font=\u00a0\u00bb||||||||\u00a0\u00bb header_text_align=\u00a0\u00bbcenter\u00a0\u00bb header_text_color=\u00a0\u00bb#FFFFFF\u00a0\u00bb text_orientation=\u00a0\u00bbcenter\u00a0\u00bb text_text_align=\u00a0\u00bbcenter\u00a0\u00bb]<\/p>\n<h1>Le march\u00e9 aux fleurs<\/h1>\n<p>&nbsp;<\/p>\n<h1><\/h1>\n<p>[\/et_pb_text][\/et_pb_column][\/et_pb_row][\/et_pb_section][et_pb_section fb_built=\u00a0\u00bb1&Prime; _builder_version=\u00a0\u00bb3.24&Prime; custom_padding=\u00a0\u00bb0px|||||\u00a0\u00bb][et_pb_row _builder_version=\u00a0\u00bb3.29.3&Prime; custom_padding=\u00a0\u00bb50px|||||\u00a0\u00bb][et_pb_column type=\u00a0\u00bb4_4&Prime; _builder_version=\u00a0\u00bb3.29.3&Prime;][et_pb_search placeholder=\u00a0\u00bbRechercher des attractions\u00a0\u00bb button_color=\u00a0\u00bb#f37e2a\u00a0\u00bb _builder_version=\u00a0\u00bb3.29.3&Prime; button_text_color=\u00a0\u00bb#ffffff\u00a0\u00bb][\/et_pb_search][\/et_pb_column][\/et_pb_row][et_pb_row column_structure=\u00a0\u00bb2_3,1_3&Prime; _builder_version=\u00a0\u00bb3.26.3&Prime; width=\u00a0\u00bb100%\u00a0\u00bb min_height=\u00a0\u00bb155px\u00a0\u00bb custom_margin=\u00a0\u00bb||0px||false|false\u00a0\u00bb][et_pb_column type=\u00a0\u00bb2_3&Prime; _builder_version=\u00a0\u00bb3.25&Prime; custom_padding=\u00a0\u00bb|||\u00a0\u00bb custom_padding__hover=\u00a0\u00bb|||\u00a0\u00bb][et_pb_text _builder_version=\u00a0\u00bb4.0.6&Prime; header_font=\u00a0\u00bb||||||||\u00a0\u00bb header_3_font=\u00a0\u00bbRoboto||||||||\u00a0\u00bb header_3_text_color=\u00a0\u00bb#FB8844&Prime; header_3_font_size=\u00a0\u00bb28px\u00a0\u00bb]<\/p>\n<p style=\"text-align: justify\">Le march\u00e9 aux fleurs d&rsquo;Amsterdam est le seul march\u00e9 aux fleurs flottant au monde. Fond\u00e9e en 1862, elle est situ\u00e9e \u00e0 Amsterdam, aux Pays-Bas, sur Singel entre Muntplein et King Square dans la ceinture du canal sud de la ville. Que vous ayez l&rsquo;espoir d&rsquo;acheter des fleurs ou tout simplement envie d&rsquo;\u00eatre entour\u00e9 par la beaut\u00e9 naturelle \u00e0 chaque tour, faire votre chemin ici pour un matin ou apr\u00e8s-midi rempli de tout cela et bien plus encore.<\/p>\n<p>Dans l&rsquo;\u00e9poque, les fleurs \u00e9taient en fait apport\u00e9es par bateau \u00e0 tous les diff\u00e9rents magasins et acheteurs. Cependant, \u00e9videmment de nos jours, les fleurs sont apport\u00e9es par des fourgonnettes, mais sont toujours situ\u00e9s sur les barges flottantes.<\/p>\n<p>Il ya un total de quinze diff\u00e9rents fleuristes et boutiques de jardin que vous pouvez mosey \u00e0 travers ainsi que quelques magasins qui offrent quelques grands souvenirs pour remplir votre valise avec. Le march\u00e9 aux fleurs est ouvert tous les jours de la semaine de 9h \u00e0 17h30 ainsi que le dimanche de 11h \u00e0 17h30. S&rsquo;il vous arrive d&rsquo;\u00eatre l\u00e0 pendant la saison des f\u00eates en hiver, alors vous aurez la chance de voir des dizaines de sapins color\u00e9s de toutes tailles. Le march\u00e9 aux fleurs flottant au canal de Singel est l&rsquo;un des lieux les plus color\u00e9s et parfum\u00e9s d&rsquo;int\u00e9r\u00eat d&rsquo;Amsterdam dans les quatre saisons!<\/p>\n<p>D\u00e9tails du march\u00e9 aux fleurs<br \/> Adresse: Singel 630 to 600, 1017 AZ, Pays-Bas<br \/> Date de cr\u00e9ation : 1862<br \/> Localement connu comme: Bloemenmarkt<br \/> Entr\u00e9e: GRATUIT<\/p>\n<p>[\/et_pb_text][\/et_pb_column][et_pb_column type=\u00a0\u00bb1_3&Prime; _builder_version=\u00a0\u00bb3.25&Prime; custom_padding=\u00a0\u00bb|||\u00a0\u00bb custom_padding__hover=\u00a0\u00bb|||\u00a0\u00bb][et_pb_sidebar area=\u00a0\u00bbet_pb_widget_area_55&Prime; show_border=\u00a0\u00bboff\u00a0\u00bb _builder_version=\u00a0\u00bb3.29.3&Prime; header_text_color=\u00a0\u00bb#fb8844&Prime; background_color=\u00a0\u00bbrgba(251,136,68,0.05)\u00a0\u00bb custom_margin=\u00a0\u00bb|||40px||\u00a0\u00bb custom_padding=\u00a0\u00bb10px|1px|10px|10px|true|false\u00a0\u00bb][\/et_pb_sidebar][\/et_pb_column][\/et_pb_row][\/et_pb_section][et_pb_section fb_built=\u00a0\u00bb1&Prime; admin_label=\u00a0\u00bbSection\u00a0\u00bb _builder_version=\u00a0\u00bb3.24&Prime; custom_padding=\u00a0\u00bb0px||30px||false\u00a0\u00bb global_module=\u00a0\u00bb10524&Prime;][et_pb_row _builder_version=\u00a0\u00bb3.25&Prime; custom_padding=\u00a0\u00bb0px||0px||true\u00a0\u00bb][et_pb_column type=\u00a0\u00bb4_4&Prime; _builder_version=\u00a0\u00bb3.25&Prime; custom_padding=\u00a0\u00bb|||\u00a0\u00bb custom_padding__hover=\u00a0\u00bb|||\u00a0\u00bb][dica_divi_carousel item_width_auto=\u00a0\u00bbon\u00a0\u00bb item_width=\u00a0\u00bb320px\u00a0\u00bb transition_duration=\u00a0\u00bb1000&Prime; autoplay=\u00a0\u00bbon\u00a0\u00bb hoverpause=\u00a0\u00bbon\u00a0\u00bb arrow_nav=\u00a0\u00bbon\u00a0\u00bb advanced_effect=\u00a0\u00bb1&Prime; arrow_nav_color=\u00a0\u00bb#FB8844&Prime; arrow_position=\u00a0\u00bbon\u00a0\u00bb _builder_version=\u00a0\u00bb4.9.2&Prime;][dica_divi_carouselitem title=\u00a0\u00bbTour \u00e0 V\u00e9lo sur le Th\u00e8me d\u2019Anne Frank\u00a0\u00bb url=\u00a0\u00bbhttps:\/\/360amsterdamtours.com\/fr\/tour-a-velo-sur-le-theme-danne-frank\/\u00a0\u00bb button_url_new_window=\u00a0\u00bb1&Prime; image=\u00a0\u00bbhttps:\/\/360amsterdamtours.com\/wp-content\/uploads\/2020\/07\/Bicycle-tour-homepage.png\u00a0\u00bb image_padding=\u00a0\u00bb0px|0|0|0&Prime; content_padding=\u00a0\u00bb10px|9px|0px|9px||true\u00a0\u00bb _builder_version=\u00a0\u00bb4.9.2&Prime; link_option_url=\u00a0\u00bbhttps:\/\/360amsterdamtours.com\/fr\/tour-a-velo-sur-le-theme-danne-frank\/\u00a0\u00bb box_shadow_style=\u00a0\u00bbpreset1&Prime; box_shadow_color=\u00a0\u00bbrgba(0,0,0,0.05)\u00a0\u00bb][\/dica_divi_carouselitem][dica_divi_carouselitem title=\u00a0\u00bbVisite Historique de la Ville\u00a0\u00bb url=\u00a0\u00bbhttps:\/\/360amsterdamtours.com\/fr\/visite-historique-de-la-ville\/\u00a0\u00bb button_url=\u00a0\u00bbhttps:\/\/360amsterdamtours.com\/fr\/visite-historique-de-la-ville\/\u00a0\u00bb button_url_new_window=\u00a0\u00bb1&Prime; image=\u00a0\u00bbhttps:\/\/360amsterdamtours.com\/wp-content\/uploads\/2019\/11\/City-Walk-Desktop.jpg\u00a0\u00bb content_padding=\u00a0\u00bb10px|10px|0px|10px|false|true\u00a0\u00bb _builder_version=\u00a0\u00bb4.9.2&Prime; body_font=\u00a0\u00bb||||||||\u00a0\u00bb link_option_url=\u00a0\u00bbhttps:\/\/360amsterdamtours.com\/fr\/visite-historique-de-la-ville\/\u00a0\u00bb box_shadow_style=\u00a0\u00bbpreset1&Prime; box_shadow_color=\u00a0\u00bbrgba(0,0,0,0.05)\u00a0\u00bb][\/dica_divi_carouselitem][dica_divi_carouselitem title=\u00a0\u00bbLes Sept P\u00e9ch\u00e9s d&rsquo;Amterdam\u00a0\u00bb url=\u00a0\u00bbhttps:\/\/360amsterdamtours.com\/fr\/les-sept-peches-amsterdam\/\u00a0\u00bb button_url=\u00a0\u00bbhttps:\/\/360amsterdamtours.com\/fr\/les-sept-peches-amsterdam\/\u00a0\u00bb button_url_new_window=\u00a0\u00bb1&Prime; image=\u00a0\u00bbhttps:\/\/360amsterdamtours.com\/wp-content\/uploads\/2020\/07\/Homepage-3.png\u00a0\u00bb image_padding=\u00a0\u00bb0px|0|0|0&Prime; content_padding=\u00a0\u00bb10px|9px|0|9px|false|true\u00a0\u00bb _builder_version=\u00a0\u00bb4.9.2&Prime; link_option_url=\u00a0\u00bbhttps:\/\/360amsterdamtours.com\/fr\/les-sept-peches-amsterdam\/\u00a0\u00bb box_shadow_style=\u00a0\u00bbpreset1&Prime; box_shadow_color=\u00a0\u00bbrgba(0,0,0,0.05)\u00a0\u00bb][\/dica_divi_carouselitem][dica_divi_carouselitem title=\u00a0\u00bbVisite Guid\u00e9e de la vie d&rsquo;Anne Frank\u00a0\u00bb url=\u00a0\u00bbhttps:\/\/360amsterdamtours.com\/fr\/visite-guidee-de-la-vie-danne-frank\/\u00a0\u00bb button_url=\u00a0\u00bbhttps:\/\/360amsterdamtours.com\/fr\/visite-guidee-de-la-vie-danne-frank\/\u00a0\u00bb button_url_new_window=\u00a0\u00bb1&Prime; image=\u00a0\u00bbhttps:\/\/360amsterdamtours.com\/wp-content\/uploads\/2019\/06\/Tumbnail-Anne-Frank-Walking-tour-1.jpg\u00a0\u00bb content_padding=\u00a0\u00bb10px|10px|0|10px||true\u00a0\u00bb _builder_version=\u00a0\u00bb4.9.2&Prime; link_option_url=\u00a0\u00bbhttps:\/\/360amsterdamtours.com\/fr\/visite-guidee-de-la-vie-danne-frank\/\u00a0\u00bb box_shadow_style=\u00a0\u00bbpreset1&Prime; box_shadow_color=\u00a0\u00bbrgba(0,0,0,0.05)\u00a0\u00bb][\/dica_divi_carouselitem][dica_divi_carouselitem title=\u00a0\u00bbVisite Guid\u00e9e du Rijksmuseum\u00a0\u00bb url=\u00a0\u00bbhttps:\/\/360amsterdamtours.com\/fr\/visite-guidee-du-rijksmuseum\/\u00a0\u00bb button_url=\u00a0\u00bbhttps:\/\/360amsterdamtours.com\/fr\/visite-guidee-du-rijksmuseum\/\u00a0\u00bb button_url_new_window=\u00a0\u00bb1&Prime; image=\u00a0\u00bbhttps:\/\/360amsterdamtours.com\/wp-content\/uploads\/2019\/10\/Rijksmuseum-Tour-Thumnail.jpg\u00a0\u00bb content_padding=\u00a0\u00bb10px|9px|0px|9px|false|false\u00a0\u00bb _builder_version=\u00a0\u00bb4.9.2&Prime; link_option_url=\u00a0\u00bbhttps:\/\/360amsterdamtours.com\/fr\/visite-guidee-du-rijksmuseum\/\u00a0\u00bb][\/dica_divi_carouselitem][dica_divi_carouselitem title=\u00a0\u00bbCroisi\u00e8re en Bateau Sur Les Canaux d\u2019Amsterdam\u00a0\u00bb url=\u00a0\u00bbhttps:\/\/360amsterdamtours.com\/fr\/croisiere-en-bateau-du-canal-amsterdam\/\u00a0\u00bb button_url=\u00a0\u00bbhttps:\/\/360amsterdamtours.com\/fr\/croisiere-en-bateau-du-canal-amsterdam\/\u00a0\u00bb button_url_new_window=\u00a0\u00bb1&Prime; image=\u00a0\u00bbhttps:\/\/360amsterdamtours.com\/wp-content\/uploads\/2019\/12\/Boat-Cruise-homepage.jpg\u00a0\u00bb content_padding=\u00a0\u00bb10px|9px|0px|9px|false|false\u00a0\u00bb _builder_version=\u00a0\u00bb4.9.2&Prime; link_option_url=\u00a0\u00bbhttps:\/\/360amsterdamtours.com\/fr\/croisiere-en-bateau-du-canal-amsterdam\/\u00a0\u00bb][\/dica_divi_carouselitem][\/dica_divi_carousel][et_pb_button button_url=\u00a0\u00bbhttps:\/\/360amsterdamtours.com\/#tours\u00a0\u00bb button_text=\u00a0\u00bbVoir touts les tours\u00a0\u00bb button_alignment=\u00a0\u00bbcenter\u00a0\u00bb _builder_version=\u00a0\u00bb3.24&Prime; custom_button=\u00a0\u00bbon\u00a0\u00bb button_text_color=\u00a0\u00bb#ffffff\u00a0\u00bb button_letter_spacing=\u00a0\u00bb0px\u00a0\u00bb button_font=\u00a0\u00bb|||on|||||\u00a0\u00bb button_use_icon=\u00a0\u00bboff\u00a0\u00bb background_layout=\u00a0\u00bbdark\u00a0\u00bb custom_padding=\u00a0\u00bb|35px||35px||true\u00a0\u00bb][\/et_pb_button][\/et_pb_column][\/et_pb_row][\/et_pb_section]<\/p>\n","protected":false},"excerpt":{"rendered":"<p>Le march\u00e9 aux fleurs d&rsquo;Amsterdam est le seul march\u00e9 aux fleurs flottant au monde. Fond\u00e9e en 1862, elle est situ\u00e9e \u00e0 Amsterdam, aux Pays-Bas, sur Singel entre Muntplein et King Square dans la&#8230;<\/p>\n","protected":false},"author":1,"featured_media":5265,"comment_status":"closed","ping_status":"closed","sticky":false,"template":"","format":"standard","meta":{"_et_pb_use_builder":"on","_et_pb_old_content":"","_et_gb_content_width":"","footnotes":""},"categories":[583],"tags":[],"dipi_cpt_category":[],"class_list":["post-6545","post","type-post","status-publish","format-standard","has-post-thumbnail","hentry","category-sites"],"yoast_head":"<!-- This site is optimized with the Yoast SEO plugin v27.4 - https:\/\/yoast.com\/product\/yoast-seo-wordpress\/ -->\n<title>March\u00e9 aux fleurs - 360 Amsterdam Tours<\/title>\n<meta name=\"description\" content=\"Le march\u00e9 aux fleurs d&#039;Amsterdam est le seul march\u00e9 aux fleurs flottant au monde. Fond\u00e9e en 1862, elle est situ\u00e9e \u00e0 Amsterdam, aux Pays-Bas, sur...\" \/>\n<meta name=\"robots\" content=\"index, follow, max-snippet:-1, max-image-preview:large, max-video-preview:-1\" \/>\n<link rel=\"canonical\" href=\"https:\/\/360amsterdamtours.com\/fr\/marche-aux-fleurs\/\" \/>\n<meta property=\"og:locale\" content=\"fr_FR\" \/>\n<meta property=\"og:type\" content=\"article\" \/>\n<meta property=\"og:title\" content=\"March\u00e9 aux fleurs - 360 Amsterdam Tours\" \/>\n<meta property=\"og:description\" content=\"Le march\u00e9 aux fleurs d&#039;Amsterdam est le seul march\u00e9 aux fleurs flottant au monde. Fond\u00e9e en 1862, elle est situ\u00e9e \u00e0 Amsterdam, aux Pays-Bas, sur...\" \/>\n<meta property=\"og:url\" content=\"https:\/\/360amsterdamtours.com\/fr\/marche-aux-fleurs\/\" \/>\n<meta property=\"og:site_name\" content=\"360 Amsterdam Tours\" \/>\n<meta property=\"article:publisher\" content=\"https:\/\/www.facebook.com\/360amsterdam\/\" \/>\n<meta property=\"article:published_time\" content=\"2020-01-08T11:29:22+00:00\" \/>\n<meta property=\"article:modified_time\" content=\"2021-03-21T14:39:17+00:00\" \/>\n<meta property=\"og:image\" content=\"https:\/\/360amsterdamtours.com\/wp-content\/uploads\/2019\/10\/Flower-Market-mobile-1.jpg\" \/>\n\t<meta property=\"og:image:width\" content=\"768\" \/>\n\t<meta property=\"og:image:height\" content=\"513\" \/>\n\t<meta property=\"og:image:type\" content=\"image\/jpeg\" \/>\n<meta name=\"author\" content=\"admin\" \/>\n<meta name=\"twitter:card\" content=\"summary_large_image\" \/>\n<meta name=\"twitter:label1\" content=\"\u00c9crit par\" \/>\n\t<meta name=\"twitter:data1\" content=\"admin\" \/>\n\t<meta name=\"twitter:label2\" content=\"Dur\u00e9e de lecture estim\u00e9e\" \/>\n\t<meta name=\"twitter:data2\" content=\"7 minutes\" \/>\n<script type=\"application\/ld+json\" class=\"yoast-schema-graph\">{\"@context\":\"https:\\\/\\\/schema.org\",\"@graph\":[{\"@type\":\"Article\",\"@id\":\"https:\\\/\\\/360amsterdamtours.com\\\/fr\\\/marche-aux-fleurs\\\/#article\",\"isPartOf\":{\"@id\":\"https:\\\/\\\/360amsterdamtours.com\\\/fr\\\/marche-aux-fleurs\\\/\"},\"author\":{\"name\":\"admin\",\"@id\":\"https:\\\/\\\/360amsterdamtours.com\\\/fr\\\/#\\\/schema\\\/person\\\/fb8afbe114a40d2532f216acd9b7a5d1\"},\"headline\":\"March\u00e9 aux fleurs\",\"datePublished\":\"2020-01-08T11:29:22+00:00\",\"dateModified\":\"2021-03-21T14:39:17+00:00\",\"mainEntityOfPage\":{\"@id\":\"https:\\\/\\\/360amsterdamtours.com\\\/fr\\\/marche-aux-fleurs\\\/\"},\"wordCount\":1351,\"publisher\":{\"@id\":\"https:\\\/\\\/360amsterdamtours.com\\\/fr\\\/#organization\"},\"image\":{\"@id\":\"https:\\\/\\\/360amsterdamtours.com\\\/fr\\\/marche-aux-fleurs\\\/#primaryimage\"},\"thumbnailUrl\":\"https:\\\/\\\/360amsterdamtours.com\\\/wp-content\\\/uploads\\\/2019\\\/10\\\/Flower-Market-mobile-1.jpg\",\"articleSection\":[\"Sites\"],\"inLanguage\":\"fr-FR\"},{\"@type\":\"WebPage\",\"@id\":\"https:\\\/\\\/360amsterdamtours.com\\\/fr\\\/marche-aux-fleurs\\\/\",\"url\":\"https:\\\/\\\/360amsterdamtours.com\\\/fr\\\/marche-aux-fleurs\\\/\",\"name\":\"March\u00e9 aux fleurs - 360 Amsterdam Tours\",\"isPartOf\":{\"@id\":\"https:\\\/\\\/360amsterdamtours.com\\\/fr\\\/#website\"},\"primaryImageOfPage\":{\"@id\":\"https:\\\/\\\/360amsterdamtours.com\\\/fr\\\/marche-aux-fleurs\\\/#primaryimage\"},\"image\":{\"@id\":\"https:\\\/\\\/360amsterdamtours.com\\\/fr\\\/marche-aux-fleurs\\\/#primaryimage\"},\"thumbnailUrl\":\"https:\\\/\\\/360amsterdamtours.com\\\/wp-content\\\/uploads\\\/2019\\\/10\\\/Flower-Market-mobile-1.jpg\",\"datePublished\":\"2020-01-08T11:29:22+00:00\",\"dateModified\":\"2021-03-21T14:39:17+00:00\",\"description\":\"Le march\u00e9 aux fleurs d'Amsterdam est le seul march\u00e9 aux fleurs flottant au monde. Fond\u00e9e en 1862, elle est situ\u00e9e \u00e0 Amsterdam, aux Pays-Bas, sur...\",\"breadcrumb\":{\"@id\":\"https:\\\/\\\/360amsterdamtours.com\\\/fr\\\/marche-aux-fleurs\\\/#breadcrumb\"},\"inLanguage\":\"fr-FR\",\"potentialAction\":[{\"@type\":\"ReadAction\",\"target\":[\"https:\\\/\\\/360amsterdamtours.com\\\/fr\\\/marche-aux-fleurs\\\/\"]}]},{\"@type\":\"ImageObject\",\"inLanguage\":\"fr-FR\",\"@id\":\"https:\\\/\\\/360amsterdamtours.com\\\/fr\\\/marche-aux-fleurs\\\/#primaryimage\",\"url\":\"https:\\\/\\\/360amsterdamtours.com\\\/wp-content\\\/uploads\\\/2019\\\/10\\\/Flower-Market-mobile-1.jpg\",\"contentUrl\":\"https:\\\/\\\/360amsterdamtours.com\\\/wp-content\\\/uploads\\\/2019\\\/10\\\/Flower-Market-mobile-1.jpg\",\"width\":768,\"height\":513},{\"@type\":\"BreadcrumbList\",\"@id\":\"https:\\\/\\\/360amsterdamtours.com\\\/fr\\\/marche-aux-fleurs\\\/#breadcrumb\",\"itemListElement\":[{\"@type\":\"ListItem\",\"position\":1,\"name\":\"Home\",\"item\":\"https:\\\/\\\/360amsterdamtours.com\\\/fr\\\/\"},{\"@type\":\"ListItem\",\"position\":2,\"name\":\"March\u00e9 aux fleurs\"}]},{\"@type\":\"WebSite\",\"@id\":\"https:\\\/\\\/360amsterdamtours.com\\\/fr\\\/#website\",\"url\":\"https:\\\/\\\/360amsterdamtours.com\\\/fr\\\/\",\"name\":\"360 Amsterdam Tours\",\"description\":\"Anne Frank Tours|Historical City Walks|Food Tours|Rijksmuseum Tours\",\"publisher\":{\"@id\":\"https:\\\/\\\/360amsterdamtours.com\\\/fr\\\/#organization\"},\"potentialAction\":[{\"@type\":\"SearchAction\",\"target\":{\"@type\":\"EntryPoint\",\"urlTemplate\":\"https:\\\/\\\/360amsterdamtours.com\\\/fr\\\/?s={search_term_string}\"},\"query-input\":{\"@type\":\"PropertyValueSpecification\",\"valueRequired\":true,\"valueName\":\"search_term_string\"}}],\"inLanguage\":\"fr-FR\"},{\"@type\":\"Organization\",\"@id\":\"https:\\\/\\\/360amsterdamtours.com\\\/fr\\\/#organization\",\"name\":\"360 Amsterdam Tours\",\"url\":\"https:\\\/\\\/360amsterdamtours.com\\\/fr\\\/\",\"logo\":{\"@type\":\"ImageObject\",\"inLanguage\":\"fr-FR\",\"@id\":\"https:\\\/\\\/360amsterdamtours.com\\\/fr\\\/#\\\/schema\\\/logo\\\/image\\\/\",\"url\":\"https:\\\/\\\/360amsterdamtours.com\\\/wp-content\\\/uploads\\\/2019\\\/06\\\/Logo-badge-1.png\",\"contentUrl\":\"https:\\\/\\\/360amsterdamtours.com\\\/wp-content\\\/uploads\\\/2019\\\/06\\\/Logo-badge-1.png\",\"width\":250,\"height\":250,\"caption\":\"360 Amsterdam Tours\"},\"image\":{\"@id\":\"https:\\\/\\\/360amsterdamtours.com\\\/fr\\\/#\\\/schema\\\/logo\\\/image\\\/\"},\"sameAs\":[\"https:\\\/\\\/www.facebook.com\\\/360amsterdam\\\/\",\"https:\\\/\\\/www.instagram.com\\\/360amsterdam\\\/\",\"https:\\\/\\\/www.youtube.com\\\/channel\\\/UC9Tbu7nV9dABbc1W-vwPmhg\"]},{\"@type\":\"Person\",\"@id\":\"https:\\\/\\\/360amsterdamtours.com\\\/fr\\\/#\\\/schema\\\/person\\\/fb8afbe114a40d2532f216acd9b7a5d1\",\"name\":\"admin\",\"image\":{\"@type\":\"ImageObject\",\"inLanguage\":\"fr-FR\",\"@id\":\"https:\\\/\\\/secure.gravatar.com\\\/avatar\\\/afabe057507fc8f978defa5b236ffa6457d876a2ca26d8d64b569774740aa853?s=96&d=mm&r=g\",\"url\":\"https:\\\/\\\/secure.gravatar.com\\\/avatar\\\/afabe057507fc8f978defa5b236ffa6457d876a2ca26d8d64b569774740aa853?s=96&d=mm&r=g\",\"contentUrl\":\"https:\\\/\\\/secure.gravatar.com\\\/avatar\\\/afabe057507fc8f978defa5b236ffa6457d876a2ca26d8d64b569774740aa853?s=96&d=mm&r=g\",\"caption\":\"admin\"}}]}<\/script>\n<!-- \/ Yoast SEO plugin. -->","yoast_head_json":{"title":"March\u00e9 aux fleurs - 360 Amsterdam Tours","description":"Le march\u00e9 aux fleurs d'Amsterdam est le seul march\u00e9 aux fleurs flottant au monde. Fond\u00e9e en 1862, elle est situ\u00e9e \u00e0 Amsterdam, aux Pays-Bas, sur...","robots":{"index":"index","follow":"follow","max-snippet":"max-snippet:-1","max-image-preview":"max-image-preview:large","max-video-preview":"max-video-preview:-1"},"canonical":"https:\/\/360amsterdamtours.com\/fr\/marche-aux-fleurs\/","og_locale":"fr_FR","og_type":"article","og_title":"March\u00e9 aux fleurs - 360 Amsterdam Tours","og_description":"Le march\u00e9 aux fleurs d'Amsterdam est le seul march\u00e9 aux fleurs flottant au monde. Fond\u00e9e en 1862, elle est situ\u00e9e \u00e0 Amsterdam, aux Pays-Bas, sur...","og_url":"https:\/\/360amsterdamtours.com\/fr\/marche-aux-fleurs\/","og_site_name":"360 Amsterdam Tours","article_publisher":"https:\/\/www.facebook.com\/360amsterdam\/","article_published_time":"2020-01-08T11:29:22+00:00","article_modified_time":"2021-03-21T14:39:17+00:00","og_image":[{"width":768,"height":513,"url":"https:\/\/360amsterdamtours.com\/wp-content\/uploads\/2019\/10\/Flower-Market-mobile-1.jpg","type":"image\/jpeg"}],"author":"admin","twitter_card":"summary_large_image","twitter_misc":{"\u00c9crit par":"admin","Dur\u00e9e de lecture estim\u00e9e":"7 minutes"},"schema":{"@context":"https:\/\/schema.org","@graph":[{"@type":"Article","@id":"https:\/\/360amsterdamtours.com\/fr\/marche-aux-fleurs\/#article","isPartOf":{"@id":"https:\/\/360amsterdamtours.com\/fr\/marche-aux-fleurs\/"},"author":{"name":"admin","@id":"https:\/\/360amsterdamtours.com\/fr\/#\/schema\/person\/fb8afbe114a40d2532f216acd9b7a5d1"},"headline":"March\u00e9 aux fleurs","datePublished":"2020-01-08T11:29:22+00:00","dateModified":"2021-03-21T14:39:17+00:00","mainEntityOfPage":{"@id":"https:\/\/360amsterdamtours.com\/fr\/marche-aux-fleurs\/"},"wordCount":1351,"publisher":{"@id":"https:\/\/360amsterdamtours.com\/fr\/#organization"},"image":{"@id":"https:\/\/360amsterdamtours.com\/fr\/marche-aux-fleurs\/#primaryimage"},"thumbnailUrl":"https:\/\/360amsterdamtours.com\/wp-content\/uploads\/2019\/10\/Flower-Market-mobile-1.jpg","articleSection":["Sites"],"inLanguage":"fr-FR"},{"@type":"WebPage","@id":"https:\/\/360amsterdamtours.com\/fr\/marche-aux-fleurs\/","url":"https:\/\/360amsterdamtours.com\/fr\/marche-aux-fleurs\/","name":"March\u00e9 aux fleurs - 360 Amsterdam Tours","isPartOf":{"@id":"https:\/\/360amsterdamtours.com\/fr\/#website"},"primaryImageOfPage":{"@id":"https:\/\/360amsterdamtours.com\/fr\/marche-aux-fleurs\/#primaryimage"},"image":{"@id":"https:\/\/360amsterdamtours.com\/fr\/marche-aux-fleurs\/#primaryimage"},"thumbnailUrl":"https:\/\/360amsterdamtours.com\/wp-content\/uploads\/2019\/10\/Flower-Market-mobile-1.jpg","datePublished":"2020-01-08T11:29:22+00:00","dateModified":"2021-03-21T14:39:17+00:00","description":"Le march\u00e9 aux fleurs d'Amsterdam est le seul march\u00e9 aux fleurs flottant au monde. Fond\u00e9e en 1862, elle est situ\u00e9e \u00e0 Amsterdam, aux Pays-Bas, sur...","breadcrumb":{"@id":"https:\/\/360amsterdamtours.com\/fr\/marche-aux-fleurs\/#breadcrumb"},"inLanguage":"fr-FR","potentialAction":[{"@type":"ReadAction","target":["https:\/\/360amsterdamtours.com\/fr\/marche-aux-fleurs\/"]}]},{"@type":"ImageObject","inLanguage":"fr-FR","@id":"https:\/\/360amsterdamtours.com\/fr\/marche-aux-fleurs\/#primaryimage","url":"https:\/\/360amsterdamtours.com\/wp-content\/uploads\/2019\/10\/Flower-Market-mobile-1.jpg","contentUrl":"https:\/\/360amsterdamtours.com\/wp-content\/uploads\/2019\/10\/Flower-Market-mobile-1.jpg","width":768,"height":513},{"@type":"BreadcrumbList","@id":"https:\/\/360amsterdamtours.com\/fr\/marche-aux-fleurs\/#breadcrumb","itemListElement":[{"@type":"ListItem","position":1,"name":"Home","item":"https:\/\/360amsterdamtours.com\/fr\/"},{"@type":"ListItem","position":2,"name":"March\u00e9 aux fleurs"}]},{"@type":"WebSite","@id":"https:\/\/360amsterdamtours.com\/fr\/#website","url":"https:\/\/360amsterdamtours.com\/fr\/","name":"360 Amsterdam Tours","description":"Anne Frank Tours|Historical City Walks|Food Tours|Rijksmuseum Tours","publisher":{"@id":"https:\/\/360amsterdamtours.com\/fr\/#organization"},"potentialAction":[{"@type":"SearchAction","target":{"@type":"EntryPoint","urlTemplate":"https:\/\/360amsterdamtours.com\/fr\/?s={search_term_string}"},"query-input":{"@type":"PropertyValueSpecification","valueRequired":true,"valueName":"search_term_string"}}],"inLanguage":"fr-FR"},{"@type":"Organization","@id":"https:\/\/360amsterdamtours.com\/fr\/#organization","name":"360 Amsterdam Tours","url":"https:\/\/360amsterdamtours.com\/fr\/","logo":{"@type":"ImageObject","inLanguage":"fr-FR","@id":"https:\/\/360amsterdamtours.com\/fr\/#\/schema\/logo\/image\/","url":"https:\/\/360amsterdamtours.com\/wp-content\/uploads\/2019\/06\/Logo-badge-1.png","contentUrl":"https:\/\/360amsterdamtours.com\/wp-content\/uploads\/2019\/06\/Logo-badge-1.png","width":250,"height":250,"caption":"360 Amsterdam Tours"},"image":{"@id":"https:\/\/360amsterdamtours.com\/fr\/#\/schema\/logo\/image\/"},"sameAs":["https:\/\/www.facebook.com\/360amsterdam\/","https:\/\/www.instagram.com\/360amsterdam\/","https:\/\/www.youtube.com\/channel\/UC9Tbu7nV9dABbc1W-vwPmhg"]},{"@type":"Person","@id":"https:\/\/360amsterdamtours.com\/fr\/#\/schema\/person\/fb8afbe114a40d2532f216acd9b7a5d1","name":"admin","image":{"@type":"ImageObject","inLanguage":"fr-FR","@id":"https:\/\/secure.gravatar.com\/avatar\/afabe057507fc8f978defa5b236ffa6457d876a2ca26d8d64b569774740aa853?s=96&d=mm&r=g","url":"https:\/\/secure.gravatar.com\/avatar\/afabe057507fc8f978defa5b236ffa6457d876a2ca26d8d64b569774740aa853?s=96&d=mm&r=g","contentUrl":"https:\/\/secure.gravatar.com\/avatar\/afabe057507fc8f978defa5b236ffa6457d876a2ca26d8d64b569774740aa853?s=96&d=mm&r=g","caption":"admin"}}]}},"_links":{"self":[{"href":"https:\/\/360amsterdamtours.com\/fr\/wp-json\/wp\/v2\/posts\/6545","targetHints":{"allow":["GET"]}}],"collection":[{"href":"https:\/\/360amsterdamtours.com\/fr\/wp-json\/wp\/v2\/posts"}],"about":[{"href":"https:\/\/360amsterdamtours.com\/fr\/wp-json\/wp\/v2\/types\/post"}],"author":[{"embeddable":true,"href":"https:\/\/360amsterdamtours.com\/fr\/wp-json\/wp\/v2\/users\/1"}],"replies":[{"embeddable":true,"href":"https:\/\/360amsterdamtours.com\/fr\/wp-json\/wp\/v2\/comments?post=6545"}],"version-history":[{"count":3,"href":"https:\/\/360amsterdamtours.com\/fr\/wp-json\/wp\/v2\/posts\/6545\/revisions"}],"predecessor-version":[{"id":12614,"href":"https:\/\/360amsterdamtours.com\/fr\/wp-json\/wp\/v2\/posts\/6545\/revisions\/12614"}],"wp:featuredmedia":[{"embeddable":true,"href":"https:\/\/360amsterdamtours.com\/fr\/wp-json\/wp\/v2\/media\/5265"}],"wp:attachment":[{"href":"https:\/\/360amsterdamtours.com\/fr\/wp-json\/wp\/v2\/media?parent=6545"}],"wp:term":[{"taxonomy":"category","embeddable":true,"href":"https:\/\/360amsterdamtours.com\/fr\/wp-json\/wp\/v2\/categories?post=6545"},{"taxonomy":"post_tag","embeddable":true,"href":"https:\/\/360amsterdamtours.com\/fr\/wp-json\/wp\/v2\/tags?post=6545"},{"taxonomy":"dipi_cpt_category","embeddable":true,"href":"https:\/\/360amsterdamtours.com\/fr\/wp-json\/wp\/v2\/dipi_cpt_category?post=6545"}],"curies":[{"name":"wp","href":"https:\/\/api.w.org\/{rel}","templated":true}]}}