{"id":6531,"date":"2020-01-08T11:27:00","date_gmt":"2020-01-08T11:27:00","guid":{"rendered":"https:\/\/360amsterdamtours.com\/maison-anne-frank\/"},"modified":"2021-03-21T14:39:44","modified_gmt":"2021-03-21T14:39:44","slug":"maison-anne-frank","status":"publish","type":"post","link":"https:\/\/360amsterdamtours.com\/fr\/maison-anne-frank\/","title":{"rendered":"Maison Anne Frank"},"content":{"rendered":"<p>[et_pb_section fb_built=\u00a0\u00bb1&Prime; disabled_on=\u00a0\u00bbon|off|off\u00a0\u00bb _builder_version=\u00a0\u00bb4.0.3&Prime; background_image=\u00a0\u00bbhttps:\/\/360amsterdamtours.com\/wp-content\/uploads\/2019\/10\/Anne-Frank-Huis-1.jpg\u00a0\u00bb collapsed=\u00a0\u00bboff\u00a0\u00bb][et_pb_row _builder_version=\u00a0\u00bb3.25&Prime; custom_padding=\u00a0\u00bb150px||150px||true|\u00a0\u00bb][et_pb_column type=\u00a0\u00bb4_4&Prime; _builder_version=\u00a0\u00bb3.25&Prime; custom_padding=\u00a0\u00bb|||\u00a0\u00bb custom_padding__hover=\u00a0\u00bb|||\u00a0\u00bb][et_pb_text _builder_version=\u00a0\u00bb4.0.3&Prime; text_text_color=\u00a0\u00bb#ffffff\u00a0\u00bb text_font_size=\u00a0\u00bb40px\u00a0\u00bb header_text_align=\u00a0\u00bbcenter\u00a0\u00bb header_text_color=\u00a0\u00bb#ffffff\u00a0\u00bb text_orientation=\u00a0\u00bbcenter\u00a0\u00bb z_index_tablet=\u00a0\u00bb500&Prime; text_text_shadow_horizontal_length_tablet=\u00a0\u00bb0px\u00a0\u00bb text_text_shadow_vertical_length_tablet=\u00a0\u00bb0px\u00a0\u00bb text_text_shadow_blur_strength_tablet=\u00a0\u00bb1px\u00a0\u00bb link_text_shadow_horizontal_length_tablet=\u00a0\u00bb0px\u00a0\u00bb link_text_shadow_vertical_length_tablet=\u00a0\u00bb0px\u00a0\u00bb link_text_shadow_blur_strength_tablet=\u00a0\u00bb1px\u00a0\u00bb ul_text_shadow_horizontal_length_tablet=\u00a0\u00bb0px\u00a0\u00bb ul_text_shadow_vertical_length_tablet=\u00a0\u00bb0px\u00a0\u00bb ul_text_shadow_blur_strength_tablet=\u00a0\u00bb1px\u00a0\u00bb ol_text_shadow_horizontal_length_tablet=\u00a0\u00bb0px\u00a0\u00bb ol_text_shadow_vertical_length_tablet=\u00a0\u00bb0px\u00a0\u00bb ol_text_shadow_blur_strength_tablet=\u00a0\u00bb1px\u00a0\u00bb quote_text_shadow_horizontal_length_tablet=\u00a0\u00bb0px\u00a0\u00bb quote_text_shadow_vertical_length_tablet=\u00a0\u00bb0px\u00a0\u00bb quote_text_shadow_blur_strength_tablet=\u00a0\u00bb1px\u00a0\u00bb header_text_shadow_horizontal_length_tablet=\u00a0\u00bb0px\u00a0\u00bb header_text_shadow_vertical_length_tablet=\u00a0\u00bb0px\u00a0\u00bb header_text_shadow_blur_strength_tablet=\u00a0\u00bb1px\u00a0\u00bb header_2_text_shadow_horizontal_length_tablet=\u00a0\u00bb0px\u00a0\u00bb header_2_text_shadow_vertical_length_tablet=\u00a0\u00bb0px\u00a0\u00bb header_2_text_shadow_blur_strength_tablet=\u00a0\u00bb1px\u00a0\u00bb header_3_text_shadow_horizontal_length_tablet=\u00a0\u00bb0px\u00a0\u00bb header_3_text_shadow_vertical_length_tablet=\u00a0\u00bb0px\u00a0\u00bb header_3_text_shadow_blur_strength_tablet=\u00a0\u00bb1px\u00a0\u00bb header_4_text_shadow_horizontal_length_tablet=\u00a0\u00bb0px\u00a0\u00bb header_4_text_shadow_vertical_length_tablet=\u00a0\u00bb0px\u00a0\u00bb header_4_text_shadow_blur_strength_tablet=\u00a0\u00bb1px\u00a0\u00bb header_5_text_shadow_horizontal_length_tablet=\u00a0\u00bb0px\u00a0\u00bb header_5_text_shadow_vertical_length_tablet=\u00a0\u00bb0px\u00a0\u00bb header_5_text_shadow_blur_strength_tablet=\u00a0\u00bb1px\u00a0\u00bb header_6_text_shadow_horizontal_length_tablet=\u00a0\u00bb0px\u00a0\u00bb header_6_text_shadow_vertical_length_tablet=\u00a0\u00bb0px\u00a0\u00bb header_6_text_shadow_blur_strength_tablet=\u00a0\u00bb1px\u00a0\u00bb box_shadow_horizontal_tablet=\u00a0\u00bb0px\u00a0\u00bb box_shadow_vertical_tablet=\u00a0\u00bb0px\u00a0\u00bb box_shadow_blur_tablet=\u00a0\u00bb40px\u00a0\u00bb box_shadow_spread_tablet=\u00a0\u00bb0px\u00a0\u00bb text_text_align=\u00a0\u00bbcenter\u00a0\u00bb]<\/p>\n<h1>Maison Anne Frank<\/h1>\n<h1><\/h1>\n<p>[\/et_pb_text][\/et_pb_column][\/et_pb_row][\/et_pb_section][et_pb_section fb_built=\u00a0\u00bb1&Prime; disabled_on=\u00a0\u00bboff|on|on\u00a0\u00bb _builder_version=\u00a0\u00bb4.0.3&Prime; background_image=\u00a0\u00bbhttps:\/\/360amsterdamtours.com\/wp-content\/uploads\/2019\/10\/Anne-Frank-Huis-mobile.jpg\u00a0\u00bb][et_pb_row _builder_version=\u00a0\u00bb3.25&Prime; custom_padding=\u00a0\u00bb150px||150px||true|\u00a0\u00bb][et_pb_column type=\u00a0\u00bb4_4&Prime; _builder_version=\u00a0\u00bb3.25&Prime; custom_padding=\u00a0\u00bb|||\u00a0\u00bb custom_padding__hover=\u00a0\u00bb|||\u00a0\u00bb][et_pb_text _builder_version=\u00a0\u00bb4.0.3&Prime; text_font=\u00a0\u00bb||||||||\u00a0\u00bb text_text_color=\u00a0\u00bb#FFFFFF\u00a0\u00bb header_font=\u00a0\u00bb||||||||\u00a0\u00bb header_text_align=\u00a0\u00bbcenter\u00a0\u00bb header_text_color=\u00a0\u00bb#FFFFFF\u00a0\u00bb text_orientation=\u00a0\u00bbcenter\u00a0\u00bb text_text_align=\u00a0\u00bbcenter\u00a0\u00bb]<\/p>\n<h1>Maison Anne Frank<\/h1>\n<p>&nbsp;<\/p>\n<h1><\/h1>\n<p>[\/et_pb_text][\/et_pb_column][\/et_pb_row][\/et_pb_section][et_pb_section fb_built=\u00a0\u00bb1&Prime; _builder_version=\u00a0\u00bb3.24&Prime;][et_pb_row column_structure=\u00a0\u00bb2_3,1_3&Prime; _builder_version=\u00a0\u00bb3.26.3&Prime; width=\u00a0\u00bb100%\u00a0\u00bb min_height=\u00a0\u00bb155px\u00a0\u00bb custom_margin=\u00a0\u00bb||0px||false|false\u00a0\u00bb][et_pb_column type=\u00a0\u00bb2_3&Prime; _builder_version=\u00a0\u00bb3.25&Prime; custom_padding=\u00a0\u00bb|||\u00a0\u00bb custom_padding__hover=\u00a0\u00bb|||\u00a0\u00bb][et_pb_text _builder_version=\u00a0\u00bb4.0.6&Prime; header_font=\u00a0\u00bb||||||||\u00a0\u00bb header_3_font=\u00a0\u00bbRoboto||||||||\u00a0\u00bb header_3_text_color=\u00a0\u00bb#FB8844&Prime; header_3_font_size=\u00a0\u00bb28px\u00a0\u00bb]<\/p>\n<p>La Maison Anne Frank est aujourd&rsquo;hui un m\u00e9morial \u00e0 Anne Frank et sa famille, situ\u00e9 \u00e0 Prinsengracht, \u00e0 c\u00f4t\u00e9 du Westertoren, 263-267 \u00e0 Amsterdam. La Maison Anne Frank est l&rsquo;un des endroits les plus connus et visit\u00e9s \u00e0 Amsterdam (erreur commune est que les gens pensent que vous l&rsquo;\u00e9crivez comme Anne Frank Haus).<\/p>\n<p>Le 1er d\u00e9cembre 1940, Otto Frank d\u00e9m\u00e9nage ses entreprises Opekta et Pectacon de Singel 400 \u00e0 Prinsengracht 263. Deux ans plus tard, cette maison est devenue la c\u00e9l\u00e8bre cachette d&rsquo;Anne Frank et de sa famille. V\u00e9ritable novice litt\u00e9raire et jeune fille vraiment remarquable et courageuse, Anne Frank a elle-m\u00eame pass\u00e9 deux ans de sa vie dans cette maison pendant la Seconde Guerre mondiale. , ils ont finalement \u00e9t\u00e9 d\u00e9couverts et d\u00e9port\u00e9s dans des camps de concentration. Tout au long de son s\u00e9jour dans la maison, Anne Frank a tenu un journal o\u00f9 elle a \u00e9crit sur non seulement ce qui se passait au moment de se cacher, mais aussi sur son esprit plein d&rsquo;espoir qui l&rsquo;a gard\u00e9e en vie dans les moments les plus difficiles.<\/p>\n<p>Aujourd&rsquo;hui, les visiteurs de la Maison Anne Frank sont en mesure d&rsquo;obtenir un regard de pr\u00e8s et personnelle \u00e0 l&rsquo;int\u00e9rieur de ce que c&rsquo;\u00e9tait pour elle et les sept autres personnes \u00e0 l&rsquo;\u00e9poque de la Seconde Guerre mondiale. R\u00e9servez votre visite \u00e0 l&rsquo;avance avant de venir \u00e0 Amsterdam. La maison Anne Frank est un must absolu pour tous les visiteurs d&rsquo;Amsterdam.<\/p>\n<p>Anne Frank House en bref<br \/> Lieu: Prinsengracht 263-267, 1016 GV, Amsterdam, Pays-Bas<br \/> Ouverture: 1960<br \/> Localement connu comme: Anne Frank Huis<br \/> Entr\u00e9e: <a href=\"https:\/\/www.annefrank.org\/en\/museum\/tickets\/\" target=\"_blank\" rel=\"noopener noreferrer\">Ici<\/a><\/p>\n<p>[\/et_pb_text][\/et_pb_column][et_pb_column type=\u00a0\u00bb1_3&Prime; _builder_version=\u00a0\u00bb3.25&Prime; custom_padding=\u00a0\u00bb|||\u00a0\u00bb custom_padding__hover=\u00a0\u00bb|||\u00a0\u00bb][et_pb_sidebar area=\u00a0\u00bbet_pb_widget_area_55&Prime; show_border=\u00a0\u00bboff\u00a0\u00bb _builder_version=\u00a0\u00bb3.26.5&Prime; header_text_color=\u00a0\u00bb#fb8844&Prime; background_color=\u00a0\u00bbrgba(251,136,68,0.05)\u00a0\u00bb custom_margin=\u00a0\u00bb|||40px||\u00a0\u00bb custom_padding=\u00a0\u00bb10px|1px|10px|10px|true|false\u00a0\u00bb][\/et_pb_sidebar][\/et_pb_column][\/et_pb_row][\/et_pb_section][et_pb_section fb_built=\u00a0\u00bb1&Prime; admin_label=\u00a0\u00bbSection\u00a0\u00bb _builder_version=\u00a0\u00bb3.24&Prime; custom_padding=\u00a0\u00bb0px||30px||false\u00a0\u00bb global_module=\u00a0\u00bb10524&Prime;][et_pb_row _builder_version=\u00a0\u00bb3.25&Prime; custom_padding=\u00a0\u00bb0px||0px||true\u00a0\u00bb][et_pb_column type=\u00a0\u00bb4_4&Prime; _builder_version=\u00a0\u00bb3.25&Prime; custom_padding=\u00a0\u00bb|||\u00a0\u00bb custom_padding__hover=\u00a0\u00bb|||\u00a0\u00bb][dica_divi_carousel item_width_auto=\u00a0\u00bbon\u00a0\u00bb item_width=\u00a0\u00bb320px\u00a0\u00bb transition_duration=\u00a0\u00bb1000&Prime; autoplay=\u00a0\u00bbon\u00a0\u00bb hoverpause=\u00a0\u00bbon\u00a0\u00bb arrow_nav=\u00a0\u00bbon\u00a0\u00bb advanced_effect=\u00a0\u00bb1&Prime; arrow_nav_color=\u00a0\u00bb#FB8844&Prime; arrow_position=\u00a0\u00bbon\u00a0\u00bb _builder_version=\u00a0\u00bb4.9.2&Prime;][dica_divi_carouselitem title=\u00a0\u00bbTour \u00e0 V\u00e9lo sur le Th\u00e8me d\u2019Anne Frank\u00a0\u00bb url=\u00a0\u00bbhttps:\/\/360amsterdamtours.com\/fr\/tour-a-velo-sur-le-theme-danne-frank\/\u00a0\u00bb button_url_new_window=\u00a0\u00bb1&Prime; image=\u00a0\u00bbhttps:\/\/360amsterdamtours.com\/wp-content\/uploads\/2020\/07\/Bicycle-tour-homepage.png\u00a0\u00bb image_padding=\u00a0\u00bb0px|0|0|0&Prime; content_padding=\u00a0\u00bb10px|9px|0px|9px||true\u00a0\u00bb _builder_version=\u00a0\u00bb4.9.2&Prime; link_option_url=\u00a0\u00bbhttps:\/\/360amsterdamtours.com\/fr\/tour-a-velo-sur-le-theme-danne-frank\/\u00a0\u00bb box_shadow_style=\u00a0\u00bbpreset1&Prime; box_shadow_color=\u00a0\u00bbrgba(0,0,0,0.05)\u00a0\u00bb][\/dica_divi_carouselitem][dica_divi_carouselitem title=\u00a0\u00bbVisite Historique de la Ville\u00a0\u00bb url=\u00a0\u00bbhttps:\/\/360amsterdamtours.com\/fr\/visite-historique-de-la-ville\/\u00a0\u00bb button_url=\u00a0\u00bbhttps:\/\/360amsterdamtours.com\/fr\/visite-historique-de-la-ville\/\u00a0\u00bb button_url_new_window=\u00a0\u00bb1&Prime; image=\u00a0\u00bbhttps:\/\/360amsterdamtours.com\/wp-content\/uploads\/2019\/11\/City-Walk-Desktop.jpg\u00a0\u00bb content_padding=\u00a0\u00bb10px|10px|0px|10px|false|true\u00a0\u00bb _builder_version=\u00a0\u00bb4.9.2&Prime; body_font=\u00a0\u00bb||||||||\u00a0\u00bb link_option_url=\u00a0\u00bbhttps:\/\/360amsterdamtours.com\/fr\/visite-historique-de-la-ville\/\u00a0\u00bb box_shadow_style=\u00a0\u00bbpreset1&Prime; box_shadow_color=\u00a0\u00bbrgba(0,0,0,0.05)\u00a0\u00bb][\/dica_divi_carouselitem][dica_divi_carouselitem title=\u00a0\u00bbLes Sept P\u00e9ch\u00e9s d&rsquo;Amterdam\u00a0\u00bb url=\u00a0\u00bbhttps:\/\/360amsterdamtours.com\/fr\/les-sept-peches-amsterdam\/\u00a0\u00bb button_url=\u00a0\u00bbhttps:\/\/360amsterdamtours.com\/fr\/les-sept-peches-amsterdam\/\u00a0\u00bb button_url_new_window=\u00a0\u00bb1&Prime; image=\u00a0\u00bbhttps:\/\/360amsterdamtours.com\/wp-content\/uploads\/2020\/07\/Homepage-3.png\u00a0\u00bb image_padding=\u00a0\u00bb0px|0|0|0&Prime; content_padding=\u00a0\u00bb10px|9px|0|9px|false|true\u00a0\u00bb _builder_version=\u00a0\u00bb4.9.2&Prime; link_option_url=\u00a0\u00bbhttps:\/\/360amsterdamtours.com\/fr\/les-sept-peches-amsterdam\/\u00a0\u00bb box_shadow_style=\u00a0\u00bbpreset1&Prime; box_shadow_color=\u00a0\u00bbrgba(0,0,0,0.05)\u00a0\u00bb][\/dica_divi_carouselitem][dica_divi_carouselitem title=\u00a0\u00bbVisite Guid\u00e9e de la vie d&rsquo;Anne Frank\u00a0\u00bb url=\u00a0\u00bbhttps:\/\/360amsterdamtours.com\/fr\/visite-guidee-de-la-vie-danne-frank\/\u00a0\u00bb button_url=\u00a0\u00bbhttps:\/\/360amsterdamtours.com\/fr\/visite-guidee-de-la-vie-danne-frank\/\u00a0\u00bb button_url_new_window=\u00a0\u00bb1&Prime; image=\u00a0\u00bbhttps:\/\/360amsterdamtours.com\/wp-content\/uploads\/2019\/06\/Tumbnail-Anne-Frank-Walking-tour-1.jpg\u00a0\u00bb content_padding=\u00a0\u00bb10px|10px|0|10px||true\u00a0\u00bb _builder_version=\u00a0\u00bb4.9.2&Prime; link_option_url=\u00a0\u00bbhttps:\/\/360amsterdamtours.com\/fr\/visite-guidee-de-la-vie-danne-frank\/\u00a0\u00bb box_shadow_style=\u00a0\u00bbpreset1&Prime; box_shadow_color=\u00a0\u00bbrgba(0,0,0,0.05)\u00a0\u00bb][\/dica_divi_carouselitem][dica_divi_carouselitem title=\u00a0\u00bbVisite Guid\u00e9e du Rijksmuseum\u00a0\u00bb url=\u00a0\u00bbhttps:\/\/360amsterdamtours.com\/fr\/visite-guidee-du-rijksmuseum\/\u00a0\u00bb button_url=\u00a0\u00bbhttps:\/\/360amsterdamtours.com\/fr\/visite-guidee-du-rijksmuseum\/\u00a0\u00bb button_url_new_window=\u00a0\u00bb1&Prime; image=\u00a0\u00bbhttps:\/\/360amsterdamtours.com\/wp-content\/uploads\/2019\/10\/Rijksmuseum-Tour-Thumnail.jpg\u00a0\u00bb content_padding=\u00a0\u00bb10px|9px|0px|9px|false|false\u00a0\u00bb _builder_version=\u00a0\u00bb4.9.2&Prime; link_option_url=\u00a0\u00bbhttps:\/\/360amsterdamtours.com\/fr\/visite-guidee-du-rijksmuseum\/\u00a0\u00bb][\/dica_divi_carouselitem][dica_divi_carouselitem title=\u00a0\u00bbCroisi\u00e8re en Bateau Sur Les Canaux d\u2019Amsterdam\u00a0\u00bb url=\u00a0\u00bbhttps:\/\/360amsterdamtours.com\/fr\/croisiere-en-bateau-du-canal-amsterdam\/\u00a0\u00bb button_url=\u00a0\u00bbhttps:\/\/360amsterdamtours.com\/fr\/croisiere-en-bateau-du-canal-amsterdam\/\u00a0\u00bb button_url_new_window=\u00a0\u00bb1&Prime; image=\u00a0\u00bbhttps:\/\/360amsterdamtours.com\/wp-content\/uploads\/2019\/12\/Boat-Cruise-homepage.jpg\u00a0\u00bb content_padding=\u00a0\u00bb10px|9px|0px|9px|false|false\u00a0\u00bb _builder_version=\u00a0\u00bb4.9.2&Prime; link_option_url=\u00a0\u00bbhttps:\/\/360amsterdamtours.com\/fr\/croisiere-en-bateau-du-canal-amsterdam\/\u00a0\u00bb][\/dica_divi_carouselitem][\/dica_divi_carousel][et_pb_button button_url=\u00a0\u00bbhttps:\/\/360amsterdamtours.com\/#tours\u00a0\u00bb button_text=\u00a0\u00bbVoir touts les tours\u00a0\u00bb button_alignment=\u00a0\u00bbcenter\u00a0\u00bb _builder_version=\u00a0\u00bb3.24&Prime; custom_button=\u00a0\u00bbon\u00a0\u00bb button_text_color=\u00a0\u00bb#ffffff\u00a0\u00bb button_letter_spacing=\u00a0\u00bb0px\u00a0\u00bb button_font=\u00a0\u00bb|||on|||||\u00a0\u00bb button_use_icon=\u00a0\u00bboff\u00a0\u00bb background_layout=\u00a0\u00bbdark\u00a0\u00bb custom_padding=\u00a0\u00bb|35px||35px||true\u00a0\u00bb][\/et_pb_button][\/et_pb_column][\/et_pb_row][\/et_pb_section]<\/p>\n","protected":false},"excerpt":{"rendered":"<p>La Maison Anne Frank est aujourd&rsquo;hui un m\u00e9morial \u00e0 Anne Frank et sa famille, situ\u00e9 \u00e0 Prinsengracht, \u00e0 c\u00f4t\u00e9 du Westertoren, 263-267 \u00e0 Amsterdam. La Maison Anne Frank est l&rsquo;une des plus&#8230;<\/p>\n","protected":false},"author":1,"featured_media":5392,"comment_status":"open","ping_status":"open","sticky":false,"template":"","format":"standard","meta":{"_et_pb_use_builder":"on","_et_pb_old_content":"","_et_gb_content_width":"","footnotes":""},"categories":[583],"tags":[],"dipi_cpt_category":[],"class_list":["post-6531","post","type-post","status-publish","format-standard","has-post-thumbnail","hentry","category-sites"],"yoast_head":"<!-- This site is optimized with the Yoast SEO plugin v27.4 - https:\/\/yoast.com\/product\/yoast-seo-wordpress\/ -->\n<title>Maison Anne Frank - 360 Amsterdam Tours<\/title>\n<meta name=\"description\" content=\"La Maison Anne Frank est aujourd&#039;hui un m\u00e9morial \u00e0 Anne Frank et sa famille, situ\u00e9 \u00e0 Prinsengracht, \u00e0 c\u00f4t\u00e9 du Westertoren, 263-267 \u00e0 Amsterdam.\" \/>\n<meta name=\"robots\" content=\"index, follow, max-snippet:-1, max-image-preview:large, max-video-preview:-1\" \/>\n<link rel=\"canonical\" href=\"https:\/\/360amsterdamtours.com\/fr\/maison-anne-frank\/\" \/>\n<meta property=\"og:locale\" content=\"fr_FR\" \/>\n<meta property=\"og:type\" content=\"article\" \/>\n<meta property=\"og:title\" content=\"Maison Anne Frank - 360 Amsterdam Tours\" \/>\n<meta property=\"og:description\" content=\"La Maison Anne Frank est aujourd&#039;hui un m\u00e9morial \u00e0 Anne Frank et sa famille, situ\u00e9 \u00e0 Prinsengracht, \u00e0 c\u00f4t\u00e9 du Westertoren, 263-267 \u00e0 Amsterdam.\" \/>\n<meta property=\"og:url\" content=\"https:\/\/360amsterdamtours.com\/fr\/maison-anne-frank\/\" \/>\n<meta property=\"og:site_name\" content=\"360 Amsterdam Tours\" \/>\n<meta property=\"article:publisher\" content=\"https:\/\/www.facebook.com\/360amsterdam\/\" \/>\n<meta property=\"article:published_time\" content=\"2020-01-08T11:27:00+00:00\" \/>\n<meta property=\"article:modified_time\" content=\"2021-03-21T14:39:44+00:00\" \/>\n<meta property=\"og:image\" content=\"https:\/\/360amsterdamtours.com\/wp-content\/uploads\/2019\/10\/Anne-Frank-Huis-mobile.jpg\" \/>\n\t<meta property=\"og:image:width\" content=\"647\" \/>\n\t<meta property=\"og:image:height\" content=\"505\" \/>\n\t<meta property=\"og:image:type\" content=\"image\/jpeg\" \/>\n<meta name=\"author\" content=\"admin\" \/>\n<meta name=\"twitter:card\" content=\"summary_large_image\" \/>\n<meta name=\"twitter:label1\" content=\"\u00c9crit par\" \/>\n\t<meta name=\"twitter:data1\" content=\"admin\" \/>\n\t<meta name=\"twitter:label2\" content=\"Dur\u00e9e de lecture estim\u00e9e\" \/>\n\t<meta name=\"twitter:data2\" content=\"7 minutes\" \/>\n<script type=\"application\/ld+json\" class=\"yoast-schema-graph\">{\"@context\":\"https:\\\/\\\/schema.org\",\"@graph\":[{\"@type\":\"Article\",\"@id\":\"https:\\\/\\\/360amsterdamtours.com\\\/fr\\\/maison-anne-frank\\\/#article\",\"isPartOf\":{\"@id\":\"https:\\\/\\\/360amsterdamtours.com\\\/fr\\\/maison-anne-frank\\\/\"},\"author\":{\"name\":\"admin\",\"@id\":\"https:\\\/\\\/360amsterdamtours.com\\\/fr\\\/#\\\/schema\\\/person\\\/fb8afbe114a40d2532f216acd9b7a5d1\"},\"headline\":\"Maison Anne Frank\",\"datePublished\":\"2020-01-08T11:27:00+00:00\",\"dateModified\":\"2021-03-21T14:39:44+00:00\",\"mainEntityOfPage\":{\"@id\":\"https:\\\/\\\/360amsterdamtours.com\\\/fr\\\/maison-anne-frank\\\/\"},\"wordCount\":1323,\"commentCount\":0,\"publisher\":{\"@id\":\"https:\\\/\\\/360amsterdamtours.com\\\/fr\\\/#organization\"},\"image\":{\"@id\":\"https:\\\/\\\/360amsterdamtours.com\\\/fr\\\/maison-anne-frank\\\/#primaryimage\"},\"thumbnailUrl\":\"https:\\\/\\\/360amsterdamtours.com\\\/wp-content\\\/uploads\\\/2019\\\/10\\\/Anne-Frank-Huis-mobile.jpg\",\"articleSection\":[\"Sites\"],\"inLanguage\":\"fr-FR\",\"potentialAction\":[{\"@type\":\"CommentAction\",\"name\":\"Comment\",\"target\":[\"https:\\\/\\\/360amsterdamtours.com\\\/fr\\\/maison-anne-frank\\\/#respond\"]}]},{\"@type\":\"WebPage\",\"@id\":\"https:\\\/\\\/360amsterdamtours.com\\\/fr\\\/maison-anne-frank\\\/\",\"url\":\"https:\\\/\\\/360amsterdamtours.com\\\/fr\\\/maison-anne-frank\\\/\",\"name\":\"Maison Anne Frank - 360 Amsterdam Tours\",\"isPartOf\":{\"@id\":\"https:\\\/\\\/360amsterdamtours.com\\\/fr\\\/#website\"},\"primaryImageOfPage\":{\"@id\":\"https:\\\/\\\/360amsterdamtours.com\\\/fr\\\/maison-anne-frank\\\/#primaryimage\"},\"image\":{\"@id\":\"https:\\\/\\\/360amsterdamtours.com\\\/fr\\\/maison-anne-frank\\\/#primaryimage\"},\"thumbnailUrl\":\"https:\\\/\\\/360amsterdamtours.com\\\/wp-content\\\/uploads\\\/2019\\\/10\\\/Anne-Frank-Huis-mobile.jpg\",\"datePublished\":\"2020-01-08T11:27:00+00:00\",\"dateModified\":\"2021-03-21T14:39:44+00:00\",\"description\":\"La Maison Anne Frank est aujourd'hui un m\u00e9morial \u00e0 Anne Frank et sa famille, situ\u00e9 \u00e0 Prinsengracht, \u00e0 c\u00f4t\u00e9 du Westertoren, 263-267 \u00e0 Amsterdam.\",\"breadcrumb\":{\"@id\":\"https:\\\/\\\/360amsterdamtours.com\\\/fr\\\/maison-anne-frank\\\/#breadcrumb\"},\"inLanguage\":\"fr-FR\",\"potentialAction\":[{\"@type\":\"ReadAction\",\"target\":[\"https:\\\/\\\/360amsterdamtours.com\\\/fr\\\/maison-anne-frank\\\/\"]}]},{\"@type\":\"ImageObject\",\"inLanguage\":\"fr-FR\",\"@id\":\"https:\\\/\\\/360amsterdamtours.com\\\/fr\\\/maison-anne-frank\\\/#primaryimage\",\"url\":\"https:\\\/\\\/360amsterdamtours.com\\\/wp-content\\\/uploads\\\/2019\\\/10\\\/Anne-Frank-Huis-mobile.jpg\",\"contentUrl\":\"https:\\\/\\\/360amsterdamtours.com\\\/wp-content\\\/uploads\\\/2019\\\/10\\\/Anne-Frank-Huis-mobile.jpg\",\"width\":647,\"height\":505},{\"@type\":\"BreadcrumbList\",\"@id\":\"https:\\\/\\\/360amsterdamtours.com\\\/fr\\\/maison-anne-frank\\\/#breadcrumb\",\"itemListElement\":[{\"@type\":\"ListItem\",\"position\":1,\"name\":\"Home\",\"item\":\"https:\\\/\\\/360amsterdamtours.com\\\/fr\\\/\"},{\"@type\":\"ListItem\",\"position\":2,\"name\":\"Maison Anne Frank\"}]},{\"@type\":\"WebSite\",\"@id\":\"https:\\\/\\\/360amsterdamtours.com\\\/fr\\\/#website\",\"url\":\"https:\\\/\\\/360amsterdamtours.com\\\/fr\\\/\",\"name\":\"360 Amsterdam Tours\",\"description\":\"Anne Frank Tours|Historical City Walks|Food Tours|Rijksmuseum Tours\",\"publisher\":{\"@id\":\"https:\\\/\\\/360amsterdamtours.com\\\/fr\\\/#organization\"},\"potentialAction\":[{\"@type\":\"SearchAction\",\"target\":{\"@type\":\"EntryPoint\",\"urlTemplate\":\"https:\\\/\\\/360amsterdamtours.com\\\/fr\\\/?s={search_term_string}\"},\"query-input\":{\"@type\":\"PropertyValueSpecification\",\"valueRequired\":true,\"valueName\":\"search_term_string\"}}],\"inLanguage\":\"fr-FR\"},{\"@type\":\"Organization\",\"@id\":\"https:\\\/\\\/360amsterdamtours.com\\\/fr\\\/#organization\",\"name\":\"360 Amsterdam Tours\",\"url\":\"https:\\\/\\\/360amsterdamtours.com\\\/fr\\\/\",\"logo\":{\"@type\":\"ImageObject\",\"inLanguage\":\"fr-FR\",\"@id\":\"https:\\\/\\\/360amsterdamtours.com\\\/fr\\\/#\\\/schema\\\/logo\\\/image\\\/\",\"url\":\"https:\\\/\\\/360amsterdamtours.com\\\/wp-content\\\/uploads\\\/2019\\\/06\\\/Logo-badge-1.png\",\"contentUrl\":\"https:\\\/\\\/360amsterdamtours.com\\\/wp-content\\\/uploads\\\/2019\\\/06\\\/Logo-badge-1.png\",\"width\":250,\"height\":250,\"caption\":\"360 Amsterdam Tours\"},\"image\":{\"@id\":\"https:\\\/\\\/360amsterdamtours.com\\\/fr\\\/#\\\/schema\\\/logo\\\/image\\\/\"},\"sameAs\":[\"https:\\\/\\\/www.facebook.com\\\/360amsterdam\\\/\",\"https:\\\/\\\/www.instagram.com\\\/360amsterdam\\\/\",\"https:\\\/\\\/www.youtube.com\\\/channel\\\/UC9Tbu7nV9dABbc1W-vwPmhg\"]},{\"@type\":\"Person\",\"@id\":\"https:\\\/\\\/360amsterdamtours.com\\\/fr\\\/#\\\/schema\\\/person\\\/fb8afbe114a40d2532f216acd9b7a5d1\",\"name\":\"admin\",\"image\":{\"@type\":\"ImageObject\",\"inLanguage\":\"fr-FR\",\"@id\":\"https:\\\/\\\/secure.gravatar.com\\\/avatar\\\/afabe057507fc8f978defa5b236ffa6457d876a2ca26d8d64b569774740aa853?s=96&d=mm&r=g\",\"url\":\"https:\\\/\\\/secure.gravatar.com\\\/avatar\\\/afabe057507fc8f978defa5b236ffa6457d876a2ca26d8d64b569774740aa853?s=96&d=mm&r=g\",\"contentUrl\":\"https:\\\/\\\/secure.gravatar.com\\\/avatar\\\/afabe057507fc8f978defa5b236ffa6457d876a2ca26d8d64b569774740aa853?s=96&d=mm&r=g\",\"caption\":\"admin\"}}]}<\/script>\n<!-- \/ Yoast SEO plugin. -->","yoast_head_json":{"title":"Maison Anne Frank - 360 Amsterdam Tours","description":"La Maison Anne Frank est aujourd'hui un m\u00e9morial \u00e0 Anne Frank et sa famille, situ\u00e9 \u00e0 Prinsengracht, \u00e0 c\u00f4t\u00e9 du Westertoren, 263-267 \u00e0 Amsterdam.","robots":{"index":"index","follow":"follow","max-snippet":"max-snippet:-1","max-image-preview":"max-image-preview:large","max-video-preview":"max-video-preview:-1"},"canonical":"https:\/\/360amsterdamtours.com\/fr\/maison-anne-frank\/","og_locale":"fr_FR","og_type":"article","og_title":"Maison Anne Frank - 360 Amsterdam Tours","og_description":"La Maison Anne Frank est aujourd'hui un m\u00e9morial \u00e0 Anne Frank et sa famille, situ\u00e9 \u00e0 Prinsengracht, \u00e0 c\u00f4t\u00e9 du Westertoren, 263-267 \u00e0 Amsterdam.","og_url":"https:\/\/360amsterdamtours.com\/fr\/maison-anne-frank\/","og_site_name":"360 Amsterdam Tours","article_publisher":"https:\/\/www.facebook.com\/360amsterdam\/","article_published_time":"2020-01-08T11:27:00+00:00","article_modified_time":"2021-03-21T14:39:44+00:00","og_image":[{"width":647,"height":505,"url":"https:\/\/360amsterdamtours.com\/wp-content\/uploads\/2019\/10\/Anne-Frank-Huis-mobile.jpg","type":"image\/jpeg"}],"author":"admin","twitter_card":"summary_large_image","twitter_misc":{"\u00c9crit par":"admin","Dur\u00e9e de lecture estim\u00e9e":"7 minutes"},"schema":{"@context":"https:\/\/schema.org","@graph":[{"@type":"Article","@id":"https:\/\/360amsterdamtours.com\/fr\/maison-anne-frank\/#article","isPartOf":{"@id":"https:\/\/360amsterdamtours.com\/fr\/maison-anne-frank\/"},"author":{"name":"admin","@id":"https:\/\/360amsterdamtours.com\/fr\/#\/schema\/person\/fb8afbe114a40d2532f216acd9b7a5d1"},"headline":"Maison Anne Frank","datePublished":"2020-01-08T11:27:00+00:00","dateModified":"2021-03-21T14:39:44+00:00","mainEntityOfPage":{"@id":"https:\/\/360amsterdamtours.com\/fr\/maison-anne-frank\/"},"wordCount":1323,"commentCount":0,"publisher":{"@id":"https:\/\/360amsterdamtours.com\/fr\/#organization"},"image":{"@id":"https:\/\/360amsterdamtours.com\/fr\/maison-anne-frank\/#primaryimage"},"thumbnailUrl":"https:\/\/360amsterdamtours.com\/wp-content\/uploads\/2019\/10\/Anne-Frank-Huis-mobile.jpg","articleSection":["Sites"],"inLanguage":"fr-FR","potentialAction":[{"@type":"CommentAction","name":"Comment","target":["https:\/\/360amsterdamtours.com\/fr\/maison-anne-frank\/#respond"]}]},{"@type":"WebPage","@id":"https:\/\/360amsterdamtours.com\/fr\/maison-anne-frank\/","url":"https:\/\/360amsterdamtours.com\/fr\/maison-anne-frank\/","name":"Maison Anne Frank - 360 Amsterdam Tours","isPartOf":{"@id":"https:\/\/360amsterdamtours.com\/fr\/#website"},"primaryImageOfPage":{"@id":"https:\/\/360amsterdamtours.com\/fr\/maison-anne-frank\/#primaryimage"},"image":{"@id":"https:\/\/360amsterdamtours.com\/fr\/maison-anne-frank\/#primaryimage"},"thumbnailUrl":"https:\/\/360amsterdamtours.com\/wp-content\/uploads\/2019\/10\/Anne-Frank-Huis-mobile.jpg","datePublished":"2020-01-08T11:27:00+00:00","dateModified":"2021-03-21T14:39:44+00:00","description":"La Maison Anne Frank est aujourd'hui un m\u00e9morial \u00e0 Anne Frank et sa famille, situ\u00e9 \u00e0 Prinsengracht, \u00e0 c\u00f4t\u00e9 du Westertoren, 263-267 \u00e0 Amsterdam.","breadcrumb":{"@id":"https:\/\/360amsterdamtours.com\/fr\/maison-anne-frank\/#breadcrumb"},"inLanguage":"fr-FR","potentialAction":[{"@type":"ReadAction","target":["https:\/\/360amsterdamtours.com\/fr\/maison-anne-frank\/"]}]},{"@type":"ImageObject","inLanguage":"fr-FR","@id":"https:\/\/360amsterdamtours.com\/fr\/maison-anne-frank\/#primaryimage","url":"https:\/\/360amsterdamtours.com\/wp-content\/uploads\/2019\/10\/Anne-Frank-Huis-mobile.jpg","contentUrl":"https:\/\/360amsterdamtours.com\/wp-content\/uploads\/2019\/10\/Anne-Frank-Huis-mobile.jpg","width":647,"height":505},{"@type":"BreadcrumbList","@id":"https:\/\/360amsterdamtours.com\/fr\/maison-anne-frank\/#breadcrumb","itemListElement":[{"@type":"ListItem","position":1,"name":"Home","item":"https:\/\/360amsterdamtours.com\/fr\/"},{"@type":"ListItem","position":2,"name":"Maison Anne Frank"}]},{"@type":"WebSite","@id":"https:\/\/360amsterdamtours.com\/fr\/#website","url":"https:\/\/360amsterdamtours.com\/fr\/","name":"360 Amsterdam Tours","description":"Anne Frank Tours|Historical City Walks|Food Tours|Rijksmuseum Tours","publisher":{"@id":"https:\/\/360amsterdamtours.com\/fr\/#organization"},"potentialAction":[{"@type":"SearchAction","target":{"@type":"EntryPoint","urlTemplate":"https:\/\/360amsterdamtours.com\/fr\/?s={search_term_string}"},"query-input":{"@type":"PropertyValueSpecification","valueRequired":true,"valueName":"search_term_string"}}],"inLanguage":"fr-FR"},{"@type":"Organization","@id":"https:\/\/360amsterdamtours.com\/fr\/#organization","name":"360 Amsterdam Tours","url":"https:\/\/360amsterdamtours.com\/fr\/","logo":{"@type":"ImageObject","inLanguage":"fr-FR","@id":"https:\/\/360amsterdamtours.com\/fr\/#\/schema\/logo\/image\/","url":"https:\/\/360amsterdamtours.com\/wp-content\/uploads\/2019\/06\/Logo-badge-1.png","contentUrl":"https:\/\/360amsterdamtours.com\/wp-content\/uploads\/2019\/06\/Logo-badge-1.png","width":250,"height":250,"caption":"360 Amsterdam Tours"},"image":{"@id":"https:\/\/360amsterdamtours.com\/fr\/#\/schema\/logo\/image\/"},"sameAs":["https:\/\/www.facebook.com\/360amsterdam\/","https:\/\/www.instagram.com\/360amsterdam\/","https:\/\/www.youtube.com\/channel\/UC9Tbu7nV9dABbc1W-vwPmhg"]},{"@type":"Person","@id":"https:\/\/360amsterdamtours.com\/fr\/#\/schema\/person\/fb8afbe114a40d2532f216acd9b7a5d1","name":"admin","image":{"@type":"ImageObject","inLanguage":"fr-FR","@id":"https:\/\/secure.gravatar.com\/avatar\/afabe057507fc8f978defa5b236ffa6457d876a2ca26d8d64b569774740aa853?s=96&d=mm&r=g","url":"https:\/\/secure.gravatar.com\/avatar\/afabe057507fc8f978defa5b236ffa6457d876a2ca26d8d64b569774740aa853?s=96&d=mm&r=g","contentUrl":"https:\/\/secure.gravatar.com\/avatar\/afabe057507fc8f978defa5b236ffa6457d876a2ca26d8d64b569774740aa853?s=96&d=mm&r=g","caption":"admin"}}]}},"_links":{"self":[{"href":"https:\/\/360amsterdamtours.com\/fr\/wp-json\/wp\/v2\/posts\/6531","targetHints":{"allow":["GET"]}}],"collection":[{"href":"https:\/\/360amsterdamtours.com\/fr\/wp-json\/wp\/v2\/posts"}],"about":[{"href":"https:\/\/360amsterdamtours.com\/fr\/wp-json\/wp\/v2\/types\/post"}],"author":[{"embeddable":true,"href":"https:\/\/360amsterdamtours.com\/fr\/wp-json\/wp\/v2\/users\/1"}],"replies":[{"embeddable":true,"href":"https:\/\/360amsterdamtours.com\/fr\/wp-json\/wp\/v2\/comments?post=6531"}],"version-history":[{"count":5,"href":"https:\/\/360amsterdamtours.com\/fr\/wp-json\/wp\/v2\/posts\/6531\/revisions"}],"predecessor-version":[{"id":12618,"href":"https:\/\/360amsterdamtours.com\/fr\/wp-json\/wp\/v2\/posts\/6531\/revisions\/12618"}],"wp:featuredmedia":[{"embeddable":true,"href":"https:\/\/360amsterdamtours.com\/fr\/wp-json\/wp\/v2\/media\/5392"}],"wp:attachment":[{"href":"https:\/\/360amsterdamtours.com\/fr\/wp-json\/wp\/v2\/media?parent=6531"}],"wp:term":[{"taxonomy":"category","embeddable":true,"href":"https:\/\/360amsterdamtours.com\/fr\/wp-json\/wp\/v2\/categories?post=6531"},{"taxonomy":"post_tag","embeddable":true,"href":"https:\/\/360amsterdamtours.com\/fr\/wp-json\/wp\/v2\/tags?post=6531"},{"taxonomy":"dipi_cpt_category","embeddable":true,"href":"https:\/\/360amsterdamtours.com\/fr\/wp-json\/wp\/v2\/dipi_cpt_category?post=6531"}],"curies":[{"name":"wp","href":"https:\/\/api.w.org\/{rel}","templated":true}]}}